{"id":847,"date":"2021-03-29T13:22:31","date_gmt":"2021-03-29T11:22:31","guid":{"rendered":"https:\/\/jhe-blog.de\/?p=847"},"modified":"2021-03-29T13:22:31","modified_gmt":"2021-03-29T11:22:31","slug":"neue-coronaschutzverordnung-ab-29-3","status":"publish","type":"post","link":"https:\/\/jhe-blog.de\/?p=847","title":{"rendered":"Neue Coronaschutzverordnung ab 29.3."},"content":{"rendered":"\n<p><strong>Regelungen die Stadt Duisburg betreffend.<\/strong><\/p>\n\n\n\n<p>Die neue Coronaschutzverordnung des Landes, die am 26. M\u00e4rz ver\u00f6ffentlicht wurde und am kommenden Montag in Kraft tritt, sieht f\u00fcr alle Kreise und kreisfreien St\u00e4dten mit einer Inzidenz \u00fcber 100 an drei Tagen in Folge die sogenannte Corona-Notbremse vor. Dies bedeutet, dass die zum 8. M\u00e4rz 2021 vorgenommenen \u00d6ffnungen wieder r\u00fcckg\u00e4ngig gemacht werden. Davon k\u00f6nnen allerdings Kommunen mit einer Inzidenz \u00fcber 100 Ausnahmen machen, wenn sie \u00fcber ausreichende Testkapazit\u00e4ten verf\u00fcgen. <strong>Da Schnelltests mittlerweile an vielen dezentralen Standorten im gesamten Stadtgebiet angeboten werden, hat der Krisenstab der Stadt deshalb in Abstimmung mit dem Land beschlossen, diese Option zu nutzen.<\/strong><\/p>\n\n\n\n<p>Das bedeutet: Aufgrund der in Duisburg vorhandenen Schnelltestinfrastruktur (<a href=\"https:\/\/www.du-testet.de\/\" target=\"_blank\" rel=\"noreferrer noopener\">www.du-testet.de<\/a>) k\u00f6nnen Duisburgerinnen und Duisburger mit einem tagesaktuellen negativen Schnelltest, der nicht \u00e4lter als 24 Stunden alt sein darf, die durch die Corona-Notbremse betroffenen Angebote (beispielsweise Bibliotheken, Museen, Zoo, Verkaufsstellen des Einzelhandels, Verkauf von Waren in Einrichtungen des Handwerkes und des Dienstleistungsgewerbes, k\u00f6rpernahe Dienst- und Handwerksleistungen) weiter nutzen.<\/p>\n\n\n\n<p>Zudem gelten aufgrund der neuen Coronaschutzverordnung folgende Regelungen f\u00fcr Duisburg:<\/p>\n\n\n\n<p><strong>Kontaktbeschr\u00e4nkung:<\/strong><br>Es darf sich nur der eigene Hausstand (ohne Personenbegrenzung) mit h\u00f6chstens einer weiteren Person aus einem anderen Hausstand treffen, <strong>wobei Kinder bis zu einem Alter von einschlie\u00dflich 14 Jahren bei der Berechnung der Personenzahl nicht mitgez\u00e4hlt werden<\/strong>. Paare gelten unabh\u00e4ngig von den Wohnverh\u00e4ltnissen lediglich als ein Hausstand. Lediglich zu Ostern, also in der Zeit vom 1. April bis einschlie\u00dflich 5. April, d\u00fcrfen auch Personen eines Hausstandes mit mehreren Personen aus einem anderen Hausstand bis zu einer Gesamtzahl von h\u00f6chstens f\u00fcnf Personen zusammentreffen. Auch hier werden Kinder bis einschlie\u00dflich 14 Jahre nicht mitgez\u00e4hlt.\u00a0<\/p>\n\n\n\n<p><strong>Sport:\u00a0<\/strong><br>Freizeit- und Amateursport ist unter freiem Himmel bei Einhaltung der oben genannten Kontaktbeschr\u00e4nkung zul\u00e4ssig.<strong> Bei Vorliegen eines tagesaktuellen negativen Schnelltests k\u00f6nnen auch Gruppen von bis zu h\u00f6chstens zwanzig Kindern bis zum Alter von einschlie\u00dflich 14 Jahren zuz\u00fcglich bis zu zwei Ausbildungs- oder Aufsichtspersonen zusammen Sport (auch Kontaktsport) treiben.<\/strong><\/p>\n\n\n\n<p><strong>Unver\u00e4ndert weiter gelten:<\/strong>&nbsp;<\/p>\n\n\n\n<ul class=\"wp-block-list\"><li>Maskenpflicht an den bekannt gegebenen belebten Orten unter freiem Himmel<\/li><li>Maskenpflicht um Schulen und Kitas<\/li><li>Maskenpflicht beim Verweilen au\u00dferhalb von befestigten Wegen an den bekannt gegebenen Bereichen der Sechs-Seen-Platte, des Rheinparks und der Regattabahn<\/li><li>Maskenpflicht vor den Ein- und Ausg\u00e4ngen von sakralen R\u00e4umen<\/li><li>Maskenpflicht (medizinische Maske) in privaten Fahrzeugen (mit Ausnahme der fahrzeugf\u00fchrenden Person)<\/li><li>Untersagung der Spielplatznutzung in der Zeit von 18 bis 9 Uhr&nbsp;<\/li><\/ul>\n\n\n\n<p>Die Regelungen gelten vorerst bis zum 18. April 2021.<\/p>\n\n\n\n<p><\/p>\n","protected":false},"excerpt":{"rendered":"<p>Regelungen die Stadt Duisburg betreffend. Die neue Coronaschutzverordnung des Landes, die am 26. M\u00e4rz ver\u00f6ffentlicht wurde und am kommenden Montag in Kraft tritt, sieht f\u00fcr alle Kreise und kreisfreien St\u00e4dten &hellip; <\/p>\n<p class=\"link-more\"><a href=\"https:\/\/jhe-blog.de\/?p=847\" class=\"more-link\"><span class=\"screen-reader-text\">\u201eNeue Coronaschutzverordnung ab 29.3.\u201c<\/span> weiterlesen<\/a><\/p>\n","protected":false},"author":1,"featured_media":0,"comment_status":"open","ping_status":"closed","sticky":false,"template":"","format":"standard","meta":{"footnotes":""},"categories":[1,7],"tags":[66,8,17],"class_list":["post-847","post","type-post","status-publish","format-standard","hentry","category-jugendheim-intern","category-unsere-siedlung","tag-corona","tag-jugendheim","tag-jugendheim-eisenbahnsiedlung"],"_links":{"self":[{"href":"https:\/\/jhe-blog.de\/index.php?rest_route=\/wp\/v2\/posts\/847"}],"collection":[{"href":"https:\/\/jhe-blog.de\/index.php?rest_route=\/wp\/v2\/posts"}],"about":[{"href":"https:\/\/jhe-blog.de\/index.php?rest_route=\/wp\/v2\/types\/post"}],"author":[{"embeddable":true,"href":"https:\/\/jhe-blog.de\/index.php?rest_route=\/wp\/v2\/users\/1"}],"replies":[{"embeddable":true,"href":"https:\/\/jhe-blog.de\/index.php?rest_route=%2Fwp%2Fv2%2Fcomments&post=847"}],"version-history":[{"count":1,"href":"https:\/\/jhe-blog.de\/index.php?rest_route=\/wp\/v2\/posts\/847\/revisions"}],"predecessor-version":[{"id":848,"href":"https:\/\/jhe-blog.de\/index.php?rest_route=\/wp\/v2\/posts\/847\/revisions\/848"}],"wp:attachment":[{"href":"https:\/\/jhe-blog.de\/index.php?rest_route=%2Fwp%2Fv2%2Fmedia&parent=847"}],"wp:term":[{"taxonomy":"category","embeddable":true,"href":"https:\/\/jhe-blog.de\/index.php?rest_route=%2Fwp%2Fv2%2Fcategories&post=847"},{"taxonomy":"post_tag","embeddable":true,"href":"https:\/\/jhe-blog.de\/index.php?rest_route=%2Fwp%2Fv2%2Ftags&post=847"}],"curies":[{"name":"wp","href":"https:\/\/api.w.org\/{rel}","templated":true}]}}